{"id":936,"date":"2025-07-13T11:00:00","date_gmt":"2025-07-13T09:00:00","guid":{"rendered":"https:\/\/ashteret.org\/?p=936"},"modified":"2025-07-13T12:34:46","modified_gmt":"2025-07-13T10:34:46","slug":"une-visite-courageuse-une-fracture-revelee","status":"publish","type":"post","link":"https:\/\/ashteret.org\/ar\/2025\/07\/13\/une-visite-courageuse-une-fracture-revelee\/","title":{"rendered":"Une visite courageuse, une fracture r\u00e9v\u00e9l\u00e9e"},"content":{"rendered":"\n<h2 class=\"wp-block-heading\">Imams europ\u00e9ens en Isra\u00ebl : entre gestes de paix et condamnations virulentes<\/h2>\n\n\n\n<p>Par Faraj Alexandre Rifai \u2013 pour Ashteret<\/p>\n\n\n\n<p>Le 7 juillet 2025, une d\u00e9l\u00e9gation compos\u00e9e de quinze imams et responsables musulmans venus de plusieurs pays europ\u00e9ens s\u2019est rendue en Isra\u00ebl pour une visite rare et hautement symbolique. Conduits par Hassen Chalghoumi, pr\u00e9sident de la Conf\u00e9rence des imams de France, les membres de cette mission ont rencontr\u00e9 le pr\u00e9sident isra\u00e9lien Isaac Herzog \u00e0 J\u00e9rusalem, exprim\u00e9 leur compassion pour les victimes du 7 octobre et appel\u00e9 au retour imm\u00e9diat des otages retenus par le Hamas \u00e0 Gaza. Ils ont aussi chant\u00e9 Hatikva, l\u2019hymne national isra\u00e9lien, en arabe. Des gestes de paix puissants, qui auraient d\u00fb faire honneur \u00e0 l\u2019islam europ\u00e9en.<\/p>\n\n\n\n<p>Mais cette visite, organis\u00e9e par l\u2019organisation ELNET et pens\u00e9e comme un pas vers la coexistence jud\u00e9o-musulmane, a d\u00e9clench\u00e9 une vague d\u2019hostilit\u00e9 violente dans le monde musulman. Le mufti d\u2019\u00c9gypte a publi\u00e9 une fatwa condamnant les imams participants, les accusant d\u2019avoir \u00ab\u202fvendu leur religion pour un prix d\u00e9risoire\u202f\u00bb en rencontrant les repr\u00e9sentants du \u00ab\u202fkian sioniste\u202f\u00bb. L\u2019institution d\u2019Al-Azhar, par la voix de son grand imam Ahmed al-Tayeb, a \u00e9galement d\u00e9nonc\u00e9 une d\u00e9marche de \u00ab\u202fnormalisation honteuse\u202f\u00bb qui \u00ab\u202ftrahit les souffrances du peuple palestinien\u202f\u00bb.<\/p>\n\n\n\n<p>Ces r\u00e9actions sont aussi \u00e9clairantes qu\u2019inqui\u00e9tantes.<\/p>\n\n\n\n<h2 class=\"wp-block-heading\"><strong>Le langage de l\u2019hostilit\u00e9 religieuses<\/strong><\/h2>\n\n\n\n<p>La virulence des propos tenus par certaines des plus hautes autorit\u00e9s religieuses du monde sunnite m\u00e9rite d\u2019\u00eatre examin\u00e9e avec rigueur. Lorsqu\u2019un mufti officiel d\u2019un \u00c9tat en paix avec Isra\u00ebl depuis 45 ans (l\u2019\u00c9gypte), qualifie de \u00ab\u202fp\u00e9ch\u00e9\u202f\u00bb le dialogue avec des Juifs isra\u00e9liens, c\u2019est toute une vision du monde qui s\u2019exprime. Un monde dans lequel la paix r\u00e9elle est interdite de langage. Dire \u00ab\u202fkian sioniste\u202f\u00bb \u2014 une expression r\u00e9pandue dans la rh\u00e9torique islamiste \u2014 ne revient pas \u00e0 critiquer une politique, mais \u00e0 nier l\u2019existence m\u00eame d\u2019Isra\u00ebl comme entit\u00e9 l\u00e9gitime. C\u2019est refuser \u00e0 l\u2019Autre le droit d\u2019\u00eatre.<\/p>\n\n\n\n<p>Dans ce contexte, il est frappant de constater que les imams europ\u00e9ens qui ont pris le risque d\u2019un voyage en Isra\u00ebl sont davantage condamn\u00e9s que les pr\u00eacheurs qui, chaque semaine dans le monde arabe, appellent \u00e0 la haine, au rejet ou \u00e0 la violence contre les Juifs. La coexistence n\u2019est pas seulement absente\u202f; elle est souvent consid\u00e9r\u00e9e comme une trahison.<\/p>\n\n\n\n<h2 class=\"wp-block-heading\"><strong>L\u2019enjeu europ\u00e9en : red\u00e9finir le discours religieux musulmans<\/strong><\/h2>\n\n\n\n<p>La visite de cette d\u00e9l\u00e9gation doit pourtant \u00eatre salu\u00e9e comme un acte de courage et de responsabilit\u00e9. Face \u00e0 l\u2019essor de l\u2019antis\u00e9mitisme en Europe, souvent nourri par des discours islamistes ou des r\u00e9cits victimaires d\u00e9connect\u00e9s de toute volont\u00e9 de paix, il est essentiel que des voix musulmanes affirment une autre voie. Celle d\u2019un islam europ\u00e9en conscient de son r\u00f4le dans des soci\u00e9t\u00e9s plurielles, soucieux d\u2019\u00e9thique, de dignit\u00e9, et de v\u00e9rit\u00e9. En r\u00e9citant le Coran \u00e0 J\u00e9rusalem, en priant pour les victimes isra\u00e9liennes comme pour les Palestiniens, ces imams ont voulu rappeler que la foi ne peut \u00eatre l\u2019otage de l\u2019id\u00e9ologie.<\/p>\n\n\n\n<p>Ils ont aussi voulu r\u00e9tablir une distinction essentielle\u202f: on peut soutenir la cause palestinienne sans soutenir le Hamas. On peut \u00eatre solidaire sans \u00eatre complice de la haine. Et l\u2019on peut d\u00e9noncer les souffrances de Gaza sans pour autant l\u00e9gitimer les slogans de mort.<\/p>\n\n\n\n<h2 class=\"wp-block-heading\"><strong>Une fracture profonde<\/strong><\/h2>\n\n\n\n<p>Mais cette visite r\u00e9v\u00e8le aussi une fracture qui traverse le monde musulman\u202f: entre ceux qui aspirent \u00e0 une r\u00e9conciliation des peuples, et ceux qui, au nom de la fid\u00e9lit\u00e9 \u00e0 une cause, rejettent toute forme de dialogue. Cette fracture n\u2019est pas seulement politique. Elle est th\u00e9ologique, culturelle, civilisationnelle. Elle oppose un islam de la coexistence \u00e0 un islam d\u2019exclusion.<\/p>\n\n\n\n<p>Il serait trop simple de r\u00e9duire cette opposition \u00e0 un clivage entre Orient et Occident. L\u2019Europe elle-m\u00eame est travers\u00e9e par ces tensions, entre courants progressistes et mouvements identitaires, entre pratiques d\u2019ouverture et strat\u00e9gies de victimisation.<\/p>\n\n\n\n<p>Ce qui s\u2019est jou\u00e9 \u00e0 J\u00e9rusalem, ce n\u2019est pas un simple geste diplomatique. C\u2019est une prise de position morale : celle d\u2019un islam qui choisit la paix r\u00e9elle, au prix de l\u2019isolement, des menaces, voire de la marginalisation. Il faudra du courage pour la maintenir, du discernement pour l\u2019accompagner, et des ponts solides pour la rendre audible.<\/p>\n","protected":false},"excerpt":{"rendered":"<p>Imams europ\u00e9ens en Isra\u00ebl : entre gestes de paix et condamnations virulentes Par Faraj Alexandre Rifai \u2013 pour Ashteret Le [&hellip;]<\/p>\n","protected":false},"author":1,"featured_media":938,"comment_status":"closed","ping_status":"closed","sticky":false,"template":"","format":"standard","meta":{"site-sidebar-layout":"default","site-content-layout":"","ast-site-content-layout":"","site-content-style":"default","site-sidebar-style":"default","ast-global-header-display":"","ast-banner-title-visibility":"","ast-main-header-display":"","ast-hfb-above-header-display":"","ast-hfb-below-header-display":"","ast-hfb-mobile-header-display":"","site-post-title":"","ast-breadcrumbs-content":"","ast-featured-img":"","footer-sml-layout":"","theme-transparent-header-meta":"","adv-header-id-meta":"","stick-header-meta":"","header-above-stick-meta":"","header-main-stick-meta":"","header-below-stick-meta":"","astra-migrate-meta-layouts":"default","ast-page-background-enabled":"default","ast-page-background-meta":{"desktop":{"background-color":"var(--ast-global-color-5)","background-image":"","background-repeat":"repeat","background-position":"center center","background-size":"auto","background-attachment":"scroll","background-type":"","background-media":"","overlay-type":"","overlay-color":"","overlay-opacity":"","overlay-gradient":""},"tablet":{"background-color":"","background-image":"","background-repeat":"repeat","background-position":"center center","background-size":"auto","background-attachment":"scroll","background-type":"","background-media":"","overlay-type":"","overlay-color":"","overlay-opacity":"","overlay-gradient":""},"mobile":{"background-color":"","background-image":"","background-repeat":"repeat","background-position":"center center","background-size":"auto","background-attachment":"scroll","background-type":"","background-media":"","overlay-type":"","overlay-color":"","overlay-opacity":"","overlay-gradient":""}},"ast-content-background-meta":{"desktop":{"background-color":"var(--ast-global-color-4)","background-image":"","background-repeat":"repeat","background-position":"center center","background-size":"auto","background-attachment":"scroll","background-type":"","background-media":"","overlay-type":"","overlay-color":"","overlay-opacity":"","overlay-gradient":""},"tablet":{"background-color":"var(--ast-global-color-4)","background-image":"","background-repeat":"repeat","background-position":"center center","background-size":"auto","background-attachment":"scroll","background-type":"","background-media":"","overlay-type":"","overlay-color":"","overlay-opacity":"","overlay-gradient":""},"mobile":{"background-color":"var(--ast-global-color-4)","background-image":"","background-repeat":"repeat","background-position":"center center","background-size":"auto","background-attachment":"scroll","background-type":"","background-media":"","overlay-type":"","overlay-color":"","overlay-opacity":"","overlay-gradient":""}},"footnotes":""},"categories":[10],"tags":[],"class_list":["post-936","post","type-post","status-publish","format-standard","has-post-thumbnail","hentry","category-actualite"],"yoast_head":"<!-- This site is optimized with the Yoast SEO plugin v26.2 - https:\/\/yoast.com\/wordpress\/plugins\/seo\/ -->\n<title>Une visite courageuse, une fracture r\u00e9v\u00e9l\u00e9e<\/title>\n<meta name=\"robots\" content=\"index, follow, max-snippet:-1, max-image-preview:large, max-video-preview:-1\" \/>\n<link rel=\"canonical\" href=\"https:\/\/ashteret.org\/ar\/2025\/07\/13\/une-visite-courageuse-une-fracture-revelee\/\" \/>\n<meta property=\"og:locale\" content=\"en_US\" \/>\n<meta property=\"og:locale:alternate\" content=\"fr_FR\" \/>\n<meta property=\"og:locale:alternate\" content=\"en-uk\" \/>\n<meta property=\"og:type\" content=\"article\" \/>\n<meta property=\"og:title\" content=\"Une visite courageuse, une fracture r\u00e9v\u00e9l\u00e9e\" \/>\n<meta property=\"og:description\" content=\"Imams europ\u00e9ens en Isra\u00ebl : entre gestes de paix et condamnations virulentes Par Faraj Alexandre Rifai \u2013 pour Ashteret Le [&hellip;]\" \/>\n<meta property=\"og:url\" content=\"https:\/\/ashteret.org\/ar\/2025\/07\/13\/une-visite-courageuse-une-fracture-revelee\/\" \/>\n<meta property=\"og:site_name\" content=\"Ashteret \u0639\u0634\u062a\u064a\u0631\u064a\u062a\" \/>\n<meta property=\"article:published_time\" content=\"2025-07-13T09:00:00+00:00\" \/>\n<meta property=\"article:modified_time\" content=\"2025-07-13T10:34:46+00:00\" \/>\n<meta property=\"og:image\" content=\"https:\/\/ashteret.org\/wp-content\/uploads\/2025\/07\/IMG_2874.jpeg\" \/>\n\t<meta property=\"og:image:width\" content=\"1320\" \/>\n\t<meta property=\"og:image:height\" content=\"880\" \/>\n\t<meta property=\"og:image:type\" content=\"image\/jpeg\" \/>\n<meta name=\"author\" content=\"Ashteret\" \/>\n<meta name=\"twitter:card\" content=\"summary_large_image\" \/>\n<meta name=\"twitter:label1\" content=\"Written by\" \/>\n\t<meta name=\"twitter:data1\" content=\"Ashteret\" \/>\n\t<meta name=\"twitter:label2\" content=\"Est. reading time\" \/>\n\t<meta name=\"twitter:data2\" content=\"4 minutes\" \/>\n<script type=\"application\/ld+json\" class=\"yoast-schema-graph\">{\"@context\":\"https:\/\/schema.org\",\"@graph\":[{\"@type\":\"Article\",\"@id\":\"https:\/\/ashteret.org\/en\/2025\/07\/13\/une-visite-courageuse-une-fracture-revelee\/#article\",\"isPartOf\":{\"@id\":\"https:\/\/ashteret.org\/en\/2025\/07\/13\/une-visite-courageuse-une-fracture-revelee\/\"},\"author\":{\"name\":\"Ashteret\",\"@id\":\"https:\/\/ashteret.org\/#\/schema\/person\/7cf806fd41d7ba2b986eac355831b920\"},\"headline\":\"Une visite courageuse, une fracture r\u00e9v\u00e9l\u00e9e\",\"datePublished\":\"2025-07-13T09:00:00+00:00\",\"dateModified\":\"2025-07-13T10:34:46+00:00\",\"mainEntityOfPage\":{\"@id\":\"https:\/\/ashteret.org\/en\/2025\/07\/13\/une-visite-courageuse-une-fracture-revelee\/\"},\"wordCount\":775,\"publisher\":{\"@id\":\"https:\/\/ashteret.org\/#organization\"},\"image\":{\"@id\":\"https:\/\/ashteret.org\/en\/2025\/07\/13\/une-visite-courageuse-une-fracture-revelee\/#primaryimage\"},\"thumbnailUrl\":\"https:\/\/ashteret.org\/wp-content\/uploads\/2025\/07\/IMG_2874.jpeg\",\"articleSection\":[\"\u0623\u062e\u0628\u0627\u0631\"],\"inLanguage\":\"ar-sa\"},{\"@type\":\"WebPage\",\"@id\":\"https:\/\/ashteret.org\/en\/2025\/07\/13\/une-visite-courageuse-une-fracture-revelee\/\",\"url\":\"https:\/\/ashteret.org\/en\/2025\/07\/13\/une-visite-courageuse-une-fracture-revelee\/\",\"name\":\"Une visite courageuse, une fracture r\u00e9v\u00e9l\u00e9e\",\"isPartOf\":{\"@id\":\"https:\/\/ashteret.org\/#website\"},\"primaryImageOfPage\":{\"@id\":\"https:\/\/ashteret.org\/en\/2025\/07\/13\/une-visite-courageuse-une-fracture-revelee\/#primaryimage\"},\"image\":{\"@id\":\"https:\/\/ashteret.org\/en\/2025\/07\/13\/une-visite-courageuse-une-fracture-revelee\/#primaryimage\"},\"thumbnailUrl\":\"https:\/\/ashteret.org\/wp-content\/uploads\/2025\/07\/IMG_2874.jpeg\",\"datePublished\":\"2025-07-13T09:00:00+00:00\",\"dateModified\":\"2025-07-13T10:34:46+00:00\",\"breadcrumb\":{\"@id\":\"https:\/\/ashteret.org\/en\/2025\/07\/13\/une-visite-courageuse-une-fracture-revelee\/#breadcrumb\"},\"inLanguage\":\"ar-sa\",\"potentialAction\":[{\"@type\":\"ReadAction\",\"target\":[\"https:\/\/ashteret.org\/en\/2025\/07\/13\/une-visite-courageuse-une-fracture-revelee\/\"]}]},{\"@type\":\"ImageObject\",\"inLanguage\":\"ar-sa\",\"@id\":\"https:\/\/ashteret.org\/en\/2025\/07\/13\/une-visite-courageuse-une-fracture-revelee\/#primaryimage\",\"url\":\"https:\/\/ashteret.org\/wp-content\/uploads\/2025\/07\/IMG_2874.jpeg\",\"contentUrl\":\"https:\/\/ashteret.org\/wp-content\/uploads\/2025\/07\/IMG_2874.jpeg\",\"width\":1320,\"height\":880},{\"@type\":\"BreadcrumbList\",\"@id\":\"https:\/\/ashteret.org\/en\/2025\/07\/13\/une-visite-courageuse-une-fracture-revelee\/#breadcrumb\",\"itemListElement\":[{\"@type\":\"ListItem\",\"position\":1,\"name\":\"Accueil\",\"item\":\"https:\/\/ashteret.org\/en\/\"},{\"@type\":\"ListItem\",\"position\":2,\"name\":\"Une visite courageuse, une fracture r\u00e9v\u00e9l\u00e9e\"}]},{\"@type\":\"WebSite\",\"@id\":\"https:\/\/ashteret.org\/#website\",\"url\":\"https:\/\/ashteret.org\/\",\"name\":\"Ashteret \u0639\u0634\u062a\u064a\u0631\u064a\u062a\",\"description\":\"Forum pour le renouveau du savoir et de la coexistence\",\"publisher\":{\"@id\":\"https:\/\/ashteret.org\/#organization\"},\"potentialAction\":[{\"@type\":\"SearchAction\",\"target\":{\"@type\":\"EntryPoint\",\"urlTemplate\":\"https:\/\/ashteret.org\/?s={search_term_string}\"},\"query-input\":{\"@type\":\"PropertyValueSpecification\",\"valueRequired\":true,\"valueName\":\"search_term_string\"}}],\"inLanguage\":\"ar-sa\"},{\"@type\":\"Organization\",\"@id\":\"https:\/\/ashteret.org\/#organization\",\"name\":\"Ashteret \u0639\u0634\u062a\u064a\u0631\u064a\u062a\",\"url\":\"https:\/\/ashteret.org\/\",\"logo\":{\"@type\":\"ImageObject\",\"inLanguage\":\"ar-sa\",\"@id\":\"https:\/\/ashteret.org\/#\/schema\/logo\/image\/\",\"url\":\"https:\/\/ashteret.org\/wp-content\/uploads\/2025\/03\/cropped-ashteret-icon-new-1.png\",\"contentUrl\":\"https:\/\/ashteret.org\/wp-content\/uploads\/2025\/03\/cropped-ashteret-icon-new-1.png\",\"width\":541,\"height\":744,\"caption\":\"Ashteret  \u0639\u0634\u062a\u064a\u0631\u064a\u062a\"},\"image\":{\"@id\":\"https:\/\/ashteret.org\/#\/schema\/logo\/image\/\"}},{\"@type\":\"Person\",\"@id\":\"https:\/\/ashteret.org\/#\/schema\/person\/7cf806fd41d7ba2b986eac355831b920\",\"name\":\"Ashteret\",\"image\":{\"@type\":\"ImageObject\",\"inLanguage\":\"ar-sa\",\"@id\":\"https:\/\/ashteret.org\/#\/schema\/person\/image\/\",\"url\":\"https:\/\/secure.gravatar.com\/avatar\/acb54e763a762efaec27fb49c1552af74792094a766805097db35f15845c0874?s=96&d=mm&r=g\",\"contentUrl\":\"https:\/\/secure.gravatar.com\/avatar\/acb54e763a762efaec27fb49c1552af74792094a766805097db35f15845c0874?s=96&d=mm&r=g\",\"caption\":\"Ashteret\"},\"sameAs\":[\"http:\/\/ashteret.org\"],\"url\":\"https:\/\/ashteret.org\/ar\/author\/admin-ashteret\/\"}]}<\/script>\n<!-- \/ Yoast SEO plugin. -->","yoast_head_json":{"title":"Une visite courageuse, une fracture r\u00e9v\u00e9l\u00e9e","robots":{"index":"index","follow":"follow","max-snippet":"max-snippet:-1","max-image-preview":"max-image-preview:large","max-video-preview":"max-video-preview:-1"},"canonical":"https:\/\/ashteret.org\/ar\/2025\/07\/13\/une-visite-courageuse-une-fracture-revelee\/","og_locale":"en_US","og_type":"article","og_title":"[:fr]Une visite courageuse, une fracture r\u00e9v\u00e9l\u00e9e[:] - Ashteret \u0639\u0634\u062a\u064a\u0631\u064a\u062a","og_description":"Imams europ\u00e9ens en Isra\u00ebl : entre gestes de paix et condamnations virulentes Par Faraj Alexandre Rifai \u2013 pour Ashteret Le [&hellip;]","og_url":"https:\/\/ashteret.org\/ar\/2025\/07\/13\/une-visite-courageuse-une-fracture-revelee\/","og_site_name":"Ashteret \u0639\u0634\u062a\u064a\u0631\u064a\u062a","article_published_time":"2025-07-13T09:00:00+00:00","article_modified_time":"2025-07-13T10:34:46+00:00","og_image":[{"width":1320,"height":880,"url":"https:\/\/ashteret.org\/wp-content\/uploads\/2025\/07\/IMG_2874.jpeg","type":"image\/jpeg"}],"author":"Ashteret","twitter_card":"summary_large_image","twitter_misc":{"Written by":"Ashteret","Est. reading time":"4 minutes"},"schema":{"@context":"https:\/\/schema.org","@graph":[{"@type":"Article","@id":"https:\/\/ashteret.org\/en\/2025\/07\/13\/une-visite-courageuse-une-fracture-revelee\/#article","isPartOf":{"@id":"https:\/\/ashteret.org\/en\/2025\/07\/13\/une-visite-courageuse-une-fracture-revelee\/"},"author":{"name":"Ashteret","@id":"https:\/\/ashteret.org\/#\/schema\/person\/7cf806fd41d7ba2b986eac355831b920"},"headline":"Une visite courageuse, une fracture r\u00e9v\u00e9l\u00e9e","datePublished":"2025-07-13T09:00:00+00:00","dateModified":"2025-07-13T10:34:46+00:00","mainEntityOfPage":{"@id":"https:\/\/ashteret.org\/en\/2025\/07\/13\/une-visite-courageuse-une-fracture-revelee\/"},"wordCount":775,"publisher":{"@id":"https:\/\/ashteret.org\/#organization"},"image":{"@id":"https:\/\/ashteret.org\/en\/2025\/07\/13\/une-visite-courageuse-une-fracture-revelee\/#primaryimage"},"thumbnailUrl":"https:\/\/ashteret.org\/wp-content\/uploads\/2025\/07\/IMG_2874.jpeg","articleSection":["\u0623\u062e\u0628\u0627\u0631"],"inLanguage":"ar-sa"},{"@type":"WebPage","@id":"https:\/\/ashteret.org\/en\/2025\/07\/13\/une-visite-courageuse-une-fracture-revelee\/","url":"https:\/\/ashteret.org\/en\/2025\/07\/13\/une-visite-courageuse-une-fracture-revelee\/","name":"Une visite courageuse, une fracture r\u00e9v\u00e9l\u00e9e","isPartOf":{"@id":"https:\/\/ashteret.org\/#website"},"primaryImageOfPage":{"@id":"https:\/\/ashteret.org\/en\/2025\/07\/13\/une-visite-courageuse-une-fracture-revelee\/#primaryimage"},"image":{"@id":"https:\/\/ashteret.org\/en\/2025\/07\/13\/une-visite-courageuse-une-fracture-revelee\/#primaryimage"},"thumbnailUrl":"https:\/\/ashteret.org\/wp-content\/uploads\/2025\/07\/IMG_2874.jpeg","datePublished":"2025-07-13T09:00:00+00:00","dateModified":"2025-07-13T10:34:46+00:00","breadcrumb":{"@id":"https:\/\/ashteret.org\/en\/2025\/07\/13\/une-visite-courageuse-une-fracture-revelee\/#breadcrumb"},"inLanguage":"ar-sa","potentialAction":[{"@type":"ReadAction","target":["https:\/\/ashteret.org\/en\/2025\/07\/13\/une-visite-courageuse-une-fracture-revelee\/"]}]},{"@type":"ImageObject","inLanguage":"ar-sa","@id":"https:\/\/ashteret.org\/en\/2025\/07\/13\/une-visite-courageuse-une-fracture-revelee\/#primaryimage","url":"https:\/\/ashteret.org\/wp-content\/uploads\/2025\/07\/IMG_2874.jpeg","contentUrl":"https:\/\/ashteret.org\/wp-content\/uploads\/2025\/07\/IMG_2874.jpeg","width":1320,"height":880},{"@type":"BreadcrumbList","@id":"https:\/\/ashteret.org\/en\/2025\/07\/13\/une-visite-courageuse-une-fracture-revelee\/#breadcrumb","itemListElement":[{"@type":"ListItem","position":1,"name":"Accueil","item":"https:\/\/ashteret.org\/en\/"},{"@type":"ListItem","position":2,"name":"Une visite courageuse, une fracture r\u00e9v\u00e9l\u00e9e"}]},{"@type":"WebSite","@id":"https:\/\/ashteret.org\/#website","url":"https:\/\/ashteret.org\/","name":"Ashteret \u0639\u0634\u062a\u064a\u0631\u064a\u062a","description":"Forum pour le renouveau du savoir et de la coexistence","publisher":{"@id":"https:\/\/ashteret.org\/#organization"},"potentialAction":[{"@type":"SearchAction","target":{"@type":"EntryPoint","urlTemplate":"https:\/\/ashteret.org\/?s={search_term_string}"},"query-input":{"@type":"PropertyValueSpecification","valueRequired":true,"valueName":"search_term_string"}}],"inLanguage":"ar-sa"},{"@type":"Organization","@id":"https:\/\/ashteret.org\/#organization","name":"Ashteret \u0639\u0634\u062a\u064a\u0631\u064a\u062a","url":"https:\/\/ashteret.org\/","logo":{"@type":"ImageObject","inLanguage":"ar-sa","@id":"https:\/\/ashteret.org\/#\/schema\/logo\/image\/","url":"https:\/\/ashteret.org\/wp-content\/uploads\/2025\/03\/cropped-ashteret-icon-new-1.png","contentUrl":"https:\/\/ashteret.org\/wp-content\/uploads\/2025\/03\/cropped-ashteret-icon-new-1.png","width":541,"height":744,"caption":"Ashteret  \u0639\u0634\u062a\u064a\u0631\u064a\u062a"},"image":{"@id":"https:\/\/ashteret.org\/#\/schema\/logo\/image\/"}},{"@type":"Person","@id":"https:\/\/ashteret.org\/#\/schema\/person\/7cf806fd41d7ba2b986eac355831b920","name":"Ashteret","image":{"@type":"ImageObject","inLanguage":"ar-sa","@id":"https:\/\/ashteret.org\/#\/schema\/person\/image\/","url":"https:\/\/secure.gravatar.com\/avatar\/acb54e763a762efaec27fb49c1552af74792094a766805097db35f15845c0874?s=96&d=mm&r=g","contentUrl":"https:\/\/secure.gravatar.com\/avatar\/acb54e763a762efaec27fb49c1552af74792094a766805097db35f15845c0874?s=96&d=mm&r=g","caption":"Ashteret"},"sameAs":["http:\/\/ashteret.org"],"url":"https:\/\/ashteret.org\/ar\/author\/admin-ashteret\/"}]}},"_links":{"self":[{"href":"https:\/\/ashteret.org\/ar\/wp-json\/wp\/v2\/posts\/936","targetHints":{"allow":["GET"]}}],"collection":[{"href":"https:\/\/ashteret.org\/ar\/wp-json\/wp\/v2\/posts"}],"about":[{"href":"https:\/\/ashteret.org\/ar\/wp-json\/wp\/v2\/types\/post"}],"author":[{"embeddable":true,"href":"https:\/\/ashteret.org\/ar\/wp-json\/wp\/v2\/users\/1"}],"replies":[{"embeddable":true,"href":"https:\/\/ashteret.org\/ar\/wp-json\/wp\/v2\/comments?post=936"}],"version-history":[{"count":1,"href":"https:\/\/ashteret.org\/ar\/wp-json\/wp\/v2\/posts\/936\/revisions"}],"predecessor-version":[{"id":937,"href":"https:\/\/ashteret.org\/ar\/wp-json\/wp\/v2\/posts\/936\/revisions\/937"}],"wp:featuredmedia":[{"embeddable":true,"href":"https:\/\/ashteret.org\/ar\/wp-json\/wp\/v2\/media\/938"}],"wp:attachment":[{"href":"https:\/\/ashteret.org\/ar\/wp-json\/wp\/v2\/media?parent=936"}],"wp:term":[{"taxonomy":"category","embeddable":true,"href":"https:\/\/ashteret.org\/ar\/wp-json\/wp\/v2\/categories?post=936"},{"taxonomy":"post_tag","embeddable":true,"href":"https:\/\/ashteret.org\/ar\/wp-json\/wp\/v2\/tags?post=936"}],"curies":[{"name":"wp","href":"https:\/\/api.w.org\/{rel}","templated":true}]}}